{"id":931,"date":"2019-04-26T20:04:52","date_gmt":"2019-04-26T23:04:52","guid":{"rendered":"https:\/\/ifdcpatquia-lrj.infd.edu.ar\/sitio\/?p=931"},"modified":"2019-04-26T20:04:52","modified_gmt":"2019-04-26T23:04:52","slug":"formacion-para-equipos-directivos-y-supervisores-de-la-educacion-obligatoria-zona-chepes","status":"publish","type":"post","link":"https:\/\/ifdcpatquia-lrj.infd.edu.ar\/sitio\/formacion-para-equipos-directivos-y-supervisores-de-la-educacion-obligatoria-zona-chepes\/","title":{"rendered":"Formaci\u00f3n para equipos directivos y supervisores de la Educaci\u00f3n Obligatoria \u2013 Zona Chepes"},"content":{"rendered":"<p>Estimados docentes, Durante los d\u00edas 25 y 26 de abril se llev\u00f3 a cabo el primer encuentro de FORMACI\u00d3N PARA EQUIPOS DIRECTIVOS Y SUPERVISORES DE LA EDUCACI\u00d3N OBLIGATORIA. Post\u00edtulo que nuestro ISFD Alberto CAVERO de Patqu\u00eda certificar\u00e1 al culminar todo el trayecto..<br \/>\nEn forma conjunta con la direcci\u00f3n de nivel superior, llevado a Cabo en la localidad de Chepes. El mismo busca nuclear a todos los directores y supervisores de la Rioja. Nuestro equipo de docentes que acompa\u00f1an esta jornada est\u00e1n encargados de la ense\u00f1anza para la utilizaci\u00f3n de nuestra plataforma de INFoD. Sigamos creciendo como Instituci\u00f3n<\/p>\n<p><img decoding=\"async\" loading=\"lazy\" class=\"aligncenter size-medium wp-image-933\" src=\"https:\/\/ifdcpatquia-lrj.infd.edu.ar\/sitio\/wp-content\/uploads\/2019\/04\/IMG-20190426-WA0001-1000x750.jpg\" alt=\"\" width=\"1000\" height=\"750\" srcset=\"https:\/\/ifdcpatquia-lrj.infd.edu.ar\/sitio\/wp-content\/uploads\/2019\/04\/IMG-20190426-WA0001-1000x750.jpg 1000w, https:\/\/ifdcpatquia-lrj.infd.edu.ar\/sitio\/wp-content\/uploads\/2019\/04\/IMG-20190426-WA0001-768x576.jpg 768w, https:\/\/ifdcpatquia-lrj.infd.edu.ar\/sitio\/wp-content\/uploads\/2019\/04\/IMG-20190426-WA0001.jpg 1280w\" sizes=\"(max-width: 1000px) 100vw, 1000px\" \/><\/p>\n","protected":false},"excerpt":{"rendered":"<p>Estimados docentes, Durante los d\u00edas 25 y 26 de abril se llev\u00f3 a cabo el primer encuentro de FORMACI\u00d3N PARA EQUIPOS DIRECTIVOS Y SUPERVISORES DE LA EDUCACI\u00d3N OBLIGATORIA. Post\u00edtulo que nuestro ISFD Alberto CAVERO de Patqu\u00eda certificar\u00e1 al culminar todo el trayecto.. En forma conjunta con la direcci\u00f3n de nivel superior, llevado a Cabo en &#8230; <a title=\"Formaci\u00f3n para equipos directivos y supervisores de la Educaci\u00f3n Obligatoria \u2013 Zona Chepes\" class=\"read-more\" href=\"https:\/\/ifdcpatquia-lrj.infd.edu.ar\/sitio\/formacion-para-equipos-directivos-y-supervisores-de-la-educacion-obligatoria-zona-chepes\/\" aria-label=\"More on Formaci\u00f3n para equipos directivos y supervisores de la Educaci\u00f3n Obligatoria \u2013 Zona Chepes\">[+]<\/a><\/p>\n","protected":false},"author":125,"featured_media":932,"comment_status":"open","ping_status":"open","sticky":false,"template":"","format":"standard","meta":[],"categories":[6],"tags":[],"acf":[],"_links":{"self":[{"href":"https:\/\/ifdcpatquia-lrj.infd.edu.ar\/sitio\/wp-json\/wp\/v2\/posts\/931"}],"collection":[{"href":"https:\/\/ifdcpatquia-lrj.infd.edu.ar\/sitio\/wp-json\/wp\/v2\/posts"}],"about":[{"href":"https:\/\/ifdcpatquia-lrj.infd.edu.ar\/sitio\/wp-json\/wp\/v2\/types\/post"}],"author":[{"embeddable":true,"href":"https:\/\/ifdcpatquia-lrj.infd.edu.ar\/sitio\/wp-json\/wp\/v2\/users\/125"}],"replies":[{"embeddable":true,"href":"https:\/\/ifdcpatquia-lrj.infd.edu.ar\/sitio\/wp-json\/wp\/v2\/comments?post=931"}],"version-history":[{"count":1,"href":"https:\/\/ifdcpatquia-lrj.infd.edu.ar\/sitio\/wp-json\/wp\/v2\/posts\/931\/revisions"}],"predecessor-version":[{"id":934,"href":"https:\/\/ifdcpatquia-lrj.infd.edu.ar\/sitio\/wp-json\/wp\/v2\/posts\/931\/revisions\/934"}],"wp:featuredmedia":[{"embeddable":true,"href":"https:\/\/ifdcpatquia-lrj.infd.edu.ar\/sitio\/wp-json\/wp\/v2\/media\/932"}],"wp:attachment":[{"href":"https:\/\/ifdcpatquia-lrj.infd.edu.ar\/sitio\/wp-json\/wp\/v2\/media?parent=931"}],"wp:term":[{"taxonomy":"category","embeddable":true,"href":"https:\/\/ifdcpatquia-lrj.infd.edu.ar\/sitio\/wp-json\/wp\/v2\/categories?post=931"},{"taxonomy":"post_tag","embeddable":true,"href":"https:\/\/ifdcpatquia-lrj.infd.edu.ar\/sitio\/wp-json\/wp\/v2\/tags?post=931"}],"curies":[{"name":"wp","href":"https:\/\/api.w.org\/{rel}","templated":true}]}}