{"id":846,"date":"2019-02-14T15:45:42","date_gmt":"2019-02-14T18:45:42","guid":{"rendered":"https:\/\/ifdcpatquia-lrj.infd.edu.ar\/sitio\/?p=846"},"modified":"2019-03-28T17:28:34","modified_gmt":"2019-03-28T20:28:34","slug":"isfd-alberto-cavero-patquia-primeros-egresados-extension-aulica-ispt-tama","status":"publish","type":"post","link":"https:\/\/ifdcpatquia-lrj.infd.edu.ar\/sitio\/isfd-alberto-cavero-patquia-primeros-egresados-extension-aulica-ispt-tama\/","title":{"rendered":"ISFD ALBERTO CAVERO -PATQU\u00cdA-  PRIMEROS  EGRESADOS EXTENSI\u00d3N A\u00daLICA ISPT TAMA"},"content":{"rendered":"<p>Mision cumplida!!<span class=\"_5mfr\"><span class=\"_6qdm\">&#x1f603;<\/span><\/span><br \/>\nSe realizo el ATENEO DID\u00c1CTICO FINAL en la extensi\u00f3n a\u00falica de Tama, en las \u00e1reas de Lengua, matem\u00e1tica y Cs. Naturales.<br \/>\nCerramos una cohorte -2015- de formaci\u00f3n Docente para la Educaci\u00f3n Primaria en la localidad de Tama.<br \/>\nUna experiencia gratificante y significativa, donde los estudiantes demostraron sus capacidades adquiridas durante la formaci\u00f3n, pusieron en valor su formaci\u00f3n te\u00f3rica- acci\u00f3n practica &#8211; reflexi\u00f3n sobre la acci\u00f3n .<br \/>\nManifestaron una prof<span class=\"text_exposed_show\">unda reflexi\u00f3n de las capacidades que deber\u00e1n seguir construyendo desde la implicancia y el compromiso con el nivel primario de la localidad.<br \/>\nEl equipo de gesti\u00f3n y Directora del ISFD ALBERTO CAVERO agradecen:<br \/>\nLa presencia y compromiso en el acompa\u00f1amiento de los estudiantes en este ateneo a, la Sra. directora, prof. de Cs. Naturales y prof. de Residencia Pedag\u00f3gica del ISFD VICTORIA ROMERO- TAMA.<br \/>\nComo as\u00ed tambi\u00e9n la dedicaci\u00f3n y compromiso de todo el cuerpo docente del ISFD ALBERTO CAVERO, desde el asesoramiento sostenido y coordinaci\u00f3n de este ateneo y en todo el proceso de formaci\u00f3n durante estos 4 a\u00f1os.<br \/>\n***MUCHAS FELICIDADES FLAMANTES EGRESADOS 2018, Y MUCHOS \u00c9XITOS EN EL FUTURO DESEMPE\u00d1O PROFESIONAL**<\/span><\/p>\n","protected":false},"excerpt":{"rendered":"<p>Mision cumplida!!&#x1f603; Se realizo el ATENEO DID\u00c1CTICO FINAL en la extensi\u00f3n a\u00falica de Tama, en las \u00e1reas de Lengua, matem\u00e1tica y Cs. Naturales. Cerramos una cohorte -2015- de formaci\u00f3n Docente para la Educaci\u00f3n Primaria en la localidad de Tama. Una experiencia gratificante y significativa, donde los estudiantes demostraron sus capacidades adquiridas durante la formaci\u00f3n, pusieron &#8230; <a title=\"ISFD ALBERTO CAVERO -PATQU\u00cdA-  PRIMEROS  EGRESADOS EXTENSI\u00d3N A\u00daLICA ISPT TAMA\" class=\"read-more\" href=\"https:\/\/ifdcpatquia-lrj.infd.edu.ar\/sitio\/isfd-alberto-cavero-patquia-primeros-egresados-extension-aulica-ispt-tama\/\" aria-label=\"More on ISFD ALBERTO CAVERO -PATQU\u00cdA-  PRIMEROS  EGRESADOS EXTENSI\u00d3N A\u00daLICA ISPT TAMA\">[+]<\/a><\/p>\n","protected":false},"author":125,"featured_media":850,"comment_status":"open","ping_status":"open","sticky":false,"template":"","format":"standard","meta":[],"categories":[6],"tags":[],"acf":[],"_links":{"self":[{"href":"https:\/\/ifdcpatquia-lrj.infd.edu.ar\/sitio\/wp-json\/wp\/v2\/posts\/846"}],"collection":[{"href":"https:\/\/ifdcpatquia-lrj.infd.edu.ar\/sitio\/wp-json\/wp\/v2\/posts"}],"about":[{"href":"https:\/\/ifdcpatquia-lrj.infd.edu.ar\/sitio\/wp-json\/wp\/v2\/types\/post"}],"author":[{"embeddable":true,"href":"https:\/\/ifdcpatquia-lrj.infd.edu.ar\/sitio\/wp-json\/wp\/v2\/users\/125"}],"replies":[{"embeddable":true,"href":"https:\/\/ifdcpatquia-lrj.infd.edu.ar\/sitio\/wp-json\/wp\/v2\/comments?post=846"}],"version-history":[{"count":3,"href":"https:\/\/ifdcpatquia-lrj.infd.edu.ar\/sitio\/wp-json\/wp\/v2\/posts\/846\/revisions"}],"predecessor-version":[{"id":888,"href":"https:\/\/ifdcpatquia-lrj.infd.edu.ar\/sitio\/wp-json\/wp\/v2\/posts\/846\/revisions\/888"}],"wp:featuredmedia":[{"embeddable":true,"href":"https:\/\/ifdcpatquia-lrj.infd.edu.ar\/sitio\/wp-json\/wp\/v2\/media\/850"}],"wp:attachment":[{"href":"https:\/\/ifdcpatquia-lrj.infd.edu.ar\/sitio\/wp-json\/wp\/v2\/media?parent=846"}],"wp:term":[{"taxonomy":"category","embeddable":true,"href":"https:\/\/ifdcpatquia-lrj.infd.edu.ar\/sitio\/wp-json\/wp\/v2\/categories?post=846"},{"taxonomy":"post_tag","embeddable":true,"href":"https:\/\/ifdcpatquia-lrj.infd.edu.ar\/sitio\/wp-json\/wp\/v2\/tags?post=846"}],"curies":[{"name":"wp","href":"https:\/\/api.w.org\/{rel}","templated":true}]}}