{"id":808,"date":"2019-02-11T16:18:15","date_gmt":"2019-02-11T19:18:15","guid":{"rendered":"https:\/\/ifdcpatquia-lrj.infd.edu.ar\/sitio\/?p=808"},"modified":"2019-03-28T17:29:46","modified_gmt":"2019-03-28T20:29:46","slug":"flamantes-egresados-2018-i-s-f-d-alberto-cavero-patquia-la-rioja","status":"publish","type":"post","link":"https:\/\/ifdcpatquia-lrj.infd.edu.ar\/sitio\/flamantes-egresados-2018-i-s-f-d-alberto-cavero-patquia-la-rioja\/","title":{"rendered":"FLAMANTES EGRESADOS 2018 I.S.F.D. ALBERTO CAVERO- PATQU\u00cdA- LA RIOJA"},"content":{"rendered":"<p>Felicitaciones a los flamantes egresados, muchos \u00e9xitos en el futuro profesional.<br \/>\nAgradecer el acompa\u00f1amiento sostenido que realizaron todos los docentes disciplinares para profundizar las tem\u00e1ticas de las \u00e1reas.<br \/>\nEl equipo de gesti\u00f3n y la direcc<span class=\"text_exposed_show\">i\u00f3n se siente orgullosa de los 10 egresados que trabajaron con tanto compromiso y responsabilidad no solo con su formaci\u00f3n , sino atentos y cooperativos con las necesidades de la instituci\u00f3n .<br \/>\nUN GRAN RECONOCIMIENTO PARA TODOS ELLOS!!<\/span><\/p>\n<div id=\"metaslider-id-812\" style=\"width: 100%;\" class=\"ml-slider-3-33-0 metaslider metaslider-flex metaslider-812 ml-slider ms-theme-default\" role=\"region\" aria-roledescription=\"Slideshow\" aria-label=\"Slideshow\">\n    <div id=\"metaslider_container_812\">\n        <div id=\"metaslider_812\" class=\"flexslider\">\n            <ul aria-live=\"polite\" class=\"slides\">\n                <li style=\"display: block; width: 100%;\" class=\"slide-813 ms-image\" aria-roledescription=\"slide\" aria-label=\"slide-813\"><img src=\"https:\/\/ifdcpatquia-lrj.infd.edu.ar\/sitio\/wp-content\/uploads\/2019\/02\/48392550_1509986802465883_412572492574490624_n-960x480.jpg\" height=\"550\" width=\"1100\" alt=\"\" class=\"slider-812 slide-813\" title=\"48392550_1509986802465883_412572492574490624_n\" \/><\/li>\n                <li style=\"display: none; width: 100%;\" class=\"slide-814 ms-image\" aria-roledescription=\"slide\" aria-label=\"slide-814\"><img src=\"https:\/\/ifdcpatquia-lrj.infd.edu.ar\/sitio\/wp-content\/uploads\/2019\/02\/48406647_1510864252378138_1997740695556718592_n-960x480.jpg\" height=\"550\" width=\"1100\" alt=\"\" class=\"slider-812 slide-814\" title=\"48406647_1510864252378138_1997740695556718592_n\" \/><\/li>\n                <li style=\"display: none; width: 100%;\" class=\"slide-826 ms-image\" aria-roledescription=\"slide\" aria-label=\"slide-826\"><img src=\"https:\/\/ifdcpatquia-lrj.infd.edu.ar\/sitio\/wp-content\/uploads\/2019\/02\/egresados-tama-960x480.jpg\" height=\"550\" width=\"1100\" alt=\"\" class=\"slider-812 slide-826\" title=\"egresados tama\" \/><\/li>\n            <\/ul>\n        <\/div>\n        \n    <\/div>\n<\/div>\n","protected":false},"excerpt":{"rendered":"<p>Felicitaciones a los flamantes egresados, muchos \u00e9xitos en el futuro profesional. Agradecer el acompa\u00f1amiento sostenido que realizaron todos los docentes disciplinares para profundizar las tem\u00e1ticas de las \u00e1reas. El equipo de gesti\u00f3n y la direcci\u00f3n se siente orgullosa de los 10 egresados que trabajaron con tanto compromiso y responsabilidad no solo con su formaci\u00f3n , &#8230; <a title=\"FLAMANTES EGRESADOS 2018 I.S.F.D. ALBERTO CAVERO- PATQU\u00cdA- LA RIOJA\" class=\"read-more\" href=\"https:\/\/ifdcpatquia-lrj.infd.edu.ar\/sitio\/flamantes-egresados-2018-i-s-f-d-alberto-cavero-patquia-la-rioja\/\" aria-label=\"More on FLAMANTES EGRESADOS 2018 I.S.F.D. ALBERTO CAVERO- PATQU\u00cdA- LA RIOJA\">[+]<\/a><\/p>\n","protected":false},"author":125,"featured_media":810,"comment_status":"open","ping_status":"open","sticky":false,"template":"","format":"standard","meta":[],"categories":[8,7,6,1],"tags":[],"acf":[],"_links":{"self":[{"href":"https:\/\/ifdcpatquia-lrj.infd.edu.ar\/sitio\/wp-json\/wp\/v2\/posts\/808"}],"collection":[{"href":"https:\/\/ifdcpatquia-lrj.infd.edu.ar\/sitio\/wp-json\/wp\/v2\/posts"}],"about":[{"href":"https:\/\/ifdcpatquia-lrj.infd.edu.ar\/sitio\/wp-json\/wp\/v2\/types\/post"}],"author":[{"embeddable":true,"href":"https:\/\/ifdcpatquia-lrj.infd.edu.ar\/sitio\/wp-json\/wp\/v2\/users\/125"}],"replies":[{"embeddable":true,"href":"https:\/\/ifdcpatquia-lrj.infd.edu.ar\/sitio\/wp-json\/wp\/v2\/comments?post=808"}],"version-history":[{"count":2,"href":"https:\/\/ifdcpatquia-lrj.infd.edu.ar\/sitio\/wp-json\/wp\/v2\/posts\/808\/revisions"}],"predecessor-version":[{"id":815,"href":"https:\/\/ifdcpatquia-lrj.infd.edu.ar\/sitio\/wp-json\/wp\/v2\/posts\/808\/revisions\/815"}],"wp:featuredmedia":[{"embeddable":true,"href":"https:\/\/ifdcpatquia-lrj.infd.edu.ar\/sitio\/wp-json\/wp\/v2\/media\/810"}],"wp:attachment":[{"href":"https:\/\/ifdcpatquia-lrj.infd.edu.ar\/sitio\/wp-json\/wp\/v2\/media?parent=808"}],"wp:term":[{"taxonomy":"category","embeddable":true,"href":"https:\/\/ifdcpatquia-lrj.infd.edu.ar\/sitio\/wp-json\/wp\/v2\/categories?post=808"},{"taxonomy":"post_tag","embeddable":true,"href":"https:\/\/ifdcpatquia-lrj.infd.edu.ar\/sitio\/wp-json\/wp\/v2\/tags?post=808"}],"curies":[{"name":"wp","href":"https:\/\/api.w.org\/{rel}","templated":true}]}}