{"id":717,"date":"2017-10-31T00:00:00","date_gmt":"2017-10-31T00:00:00","guid":{"rendered":"https:\/\/ifdcpatquia-lrj.infd.edu.ar\/sitio\/tercera-jornada-de-formacion-situada\/"},"modified":"2017-10-31T00:00:00","modified_gmt":"2017-10-31T00:00:00","slug":"tercera-jornada-de-formacion-situada","status":"publish","type":"post","link":"https:\/\/ifdcpatquia-lrj.infd.edu.ar\/sitio\/tercera-jornada-de-formacion-situada\/","title":{"rendered":"Tercera Jornada de Formaci\u00f3n Situada"},"content":{"rendered":"<p class=\"sitio_noticia_volanta\" >31 de Octubre de 2017<\/p>\n<h3>Tercera Jornada de Formaci\u00f3n Situada<\/h3>\n<p class=\"sitio_noticia_copete\" >RENOVACI\u00d3N DE LA ENSE\u00d1ANZA: FORMATOS CURRICULARES<\/p>\n<hr class=\"sitio_noticia_contenido\" \/>\n<p >\n<p><strong>PROP&Oacute;SITOS:<\/strong><\/p>\n<ul>\n<li>Analizar las caracter&iacute;sticas y prop&oacute;sitos de los distintos formatos curriculares identificando las propuestas de ense&ntilde;anza y los modos de vinculaci&oacute;n con el conocimiento que se explicitan en estos.<\/li>\n<li>Reflexionar y reconocer los aportes de las distintas propuestas de ense&ntilde;anza a la formaci&oacute;n de los futuros docentes en relaci&oacute;n con las experiencias de aprendizaje que ofrecen y el impacto en las pr&aacute;cticas profesionales futuras.<\/li>\n<li>Elaborar recomendaciones para enriquecer los diferentes espacios curriculares considerando los aportes de los distintos formatos<\/li>\n<\/ul>\n<p style=\"text-align: center;\"><img decoding=\"async\" loading=\"lazy\" src=\"upload\/news\/WhatsApp_Image_2017-10-31_at_19.01.55.jpeg\" border=\"0\" alt=\"\" width=\"500\" height=\"281\"><\/p>\n<\/p>\n<div class=\"sitio_noticia_file\">\n                            Archivo relacionado:<br \/>\n                            <a href=\"http:\/\/ifdcpatquia-lrj.infd.edu.ar\/sitio\/wp-content\/uploads\/sitio\/WhatsApp_Image_2017-10-31_at_19.01.55.jpeg\" title=\"descargar archivo\"><br \/>\n                            WhatsApp_Image_2017-10-31_at_19.01.55.jpeg<br \/>\n                            <\/a>\n                        <\/div>\n","protected":false},"excerpt":{"rendered":"<p>31 de Octubre de 2017 Tercera Jornada de Formaci\u00f3n Situada RENOVACI\u00d3N DE LA ENSE\u00d1ANZA: FORMATOS CURRICULARES PROP&Oacute;SITOS: Analizar las caracter&iacute;sticas y prop&oacute;sitos de los distintos formatos curriculares identificando las propuestas de ense&ntilde;anza y los modos de vinculaci&oacute;n con el conocimiento que se explicitan en estos. Reflexionar y reconocer los aportes de las distintas propuestas de &#8230; <a title=\"Tercera Jornada de Formaci\u00f3n Situada\" class=\"read-more\" href=\"https:\/\/ifdcpatquia-lrj.infd.edu.ar\/sitio\/tercera-jornada-de-formacion-situada\/\" aria-label=\"More on Tercera Jornada de Formaci\u00f3n Situada\">[+]<\/a><\/p>\n","protected":false},"author":285,"featured_media":0,"comment_status":"open","ping_status":"open","sticky":false,"template":"","format":"standard","meta":[],"categories":[7,6],"tags":[],"acf":[],"_links":{"self":[{"href":"https:\/\/ifdcpatquia-lrj.infd.edu.ar\/sitio\/wp-json\/wp\/v2\/posts\/717"}],"collection":[{"href":"https:\/\/ifdcpatquia-lrj.infd.edu.ar\/sitio\/wp-json\/wp\/v2\/posts"}],"about":[{"href":"https:\/\/ifdcpatquia-lrj.infd.edu.ar\/sitio\/wp-json\/wp\/v2\/types\/post"}],"author":[{"embeddable":true,"href":"https:\/\/ifdcpatquia-lrj.infd.edu.ar\/sitio\/wp-json\/wp\/v2\/users\/285"}],"replies":[{"embeddable":true,"href":"https:\/\/ifdcpatquia-lrj.infd.edu.ar\/sitio\/wp-json\/wp\/v2\/comments?post=717"}],"version-history":[{"count":0,"href":"https:\/\/ifdcpatquia-lrj.infd.edu.ar\/sitio\/wp-json\/wp\/v2\/posts\/717\/revisions"}],"wp:attachment":[{"href":"https:\/\/ifdcpatquia-lrj.infd.edu.ar\/sitio\/wp-json\/wp\/v2\/media?parent=717"}],"wp:term":[{"taxonomy":"category","embeddable":true,"href":"https:\/\/ifdcpatquia-lrj.infd.edu.ar\/sitio\/wp-json\/wp\/v2\/categories?post=717"},{"taxonomy":"post_tag","embeddable":true,"href":"https:\/\/ifdcpatquia-lrj.infd.edu.ar\/sitio\/wp-json\/wp\/v2\/tags?post=717"}],"curies":[{"name":"wp","href":"https:\/\/api.w.org\/{rel}","templated":true}]}}